{"id":184,"date":"2025-03-21T08:19:23","date_gmt":"2025-03-21T08:19:23","guid":{"rendered":"https:\/\/sprung-versicherungen.at\/blog\/?p=184"},"modified":"2025-03-21T08:19:24","modified_gmt":"2025-03-21T08:19:24","slug":"welche-massnahmen-plant-die-neue-bundesregierung-fuer-den-finanz-versicherungs-und-vorsorgebereich","status":"publish","type":"post","link":"https:\/\/sprung-versicherungen.at\/blog\/2025\/03\/21\/welche-massnahmen-plant-die-neue-bundesregierung-fuer-den-finanz-versicherungs-und-vorsorgebereich\/","title":{"rendered":"Welche Ma\u00dfnahmen plant die neue Bundesregierung f\u00fcr den Finanz-, Versicherungs- und Vorsorgebereich?"},"content":{"rendered":"\n<p>Der Interessenverband der \u00f6sterreichischen Versicherungsagenten, kurz IVVA, hat das am 27.Februar 2025 vorgestellte Regierungsprogramm f\u00fcr den Zeitraum 2025 \u2013 2029 analysiert und, unter Bezugnahme verschiedener Quellen, die auff\u00e4lligsten Ver\u00e4nderungen f\u00fcr den Finanz-, Versicherungs- und Vorsorgebereich zusammengetragen.<\/p>\n\n\n\n<p>Besonders hervorzuheben ist, neben einer Einf\u00fchrung bzw. Ausweitung der motorbezogenen Versicherungssteuer auf E-Autos, dass als Ziel ausgegeben wurde, dass das faktische Pensionsalter erh\u00f6ht werden soll. <\/p>\n\n\n\n<p>Weiters sollen die zweite und dritte S\u00e4ule des \u00f6sterreichischen Pensionssystems, also sowohl die betriebliche als auch die private Vorsorge, gest\u00e4rkt werden.<\/p>\n\n\n\n<p>Hier ist anzumerken, dass im Regierungsprogramm nur von Evaluierung bzw. von Anhebungen im Rahmen budget\u00e4rer M\u00f6glichkeiten gesprochen wird. Konkrete Ma\u00dfnahmen finden sich nicht im Regierungsprogramm.<\/p>\n\n\n\n<p>Wer nicht von der ersten S\u00e4ule des Pensionssystems, also der gesetzlichen Pensionsversicherung abh\u00e4ngig sein oder auf Ma\u00dfnahmen durch die neue Bundesregierung warten m\u00f6chte, der kann jederzeit mit den aktuellen M\u00f6glichkeiten beginnen, sowohl betrieblich als auch privat vorzusorgen.<\/p>\n\n\n\n<p>Wir beraten gerne \u00fcber die verschiedenen Gestaltungsm\u00f6glichkeiten einer privaten Altersvorsorge.<\/p>\n\n\n\n<p>Der gesamte Beitrag des IVVA findet sich hier: <a href=\"https:\/\/ivva.at\/welche-versicherungs-steuer-massnahmen-plant-regierung-nl-8-25\">https:\/\/ivva.at\/welche-versicherungs-steuer-massnahmen-plant-regierung-nl-8-25<\/a><\/p>\n","protected":false},"excerpt":{"rendered":"<p>Der Interessenverband der \u00f6sterreichischen Versicherungsagenten, kurz IVVA, hat das am 27.Februar 2025 vorgestellte Regierungsprogramm f\u00fcr den Zeitraum 2025 \u2013 2029&#8230;<\/p>\n","protected":false},"author":3,"featured_media":0,"comment_status":"open","ping_status":"open","sticky":false,"template":"","format":"standard","meta":{"footnotes":""},"categories":[1,3],"tags":[],"wps_subtitle":"","_links":{"self":[{"href":"https:\/\/sprung-versicherungen.at\/blog\/wp-json\/wp\/v2\/posts\/184"}],"collection":[{"href":"https:\/\/sprung-versicherungen.at\/blog\/wp-json\/wp\/v2\/posts"}],"about":[{"href":"https:\/\/sprung-versicherungen.at\/blog\/wp-json\/wp\/v2\/types\/post"}],"author":[{"embeddable":true,"href":"https:\/\/sprung-versicherungen.at\/blog\/wp-json\/wp\/v2\/users\/3"}],"replies":[{"embeddable":true,"href":"https:\/\/sprung-versicherungen.at\/blog\/wp-json\/wp\/v2\/comments?post=184"}],"version-history":[{"count":2,"href":"https:\/\/sprung-versicherungen.at\/blog\/wp-json\/wp\/v2\/posts\/184\/revisions"}],"predecessor-version":[{"id":186,"href":"https:\/\/sprung-versicherungen.at\/blog\/wp-json\/wp\/v2\/posts\/184\/revisions\/186"}],"wp:attachment":[{"href":"https:\/\/sprung-versicherungen.at\/blog\/wp-json\/wp\/v2\/media?parent=184"}],"wp:term":[{"taxonomy":"category","embeddable":true,"href":"https:\/\/sprung-versicherungen.at\/blog\/wp-json\/wp\/v2\/categories?post=184"},{"taxonomy":"post_tag","embeddable":true,"href":"https:\/\/sprung-versicherungen.at\/blog\/wp-json\/wp\/v2\/tags?post=184"}],"curies":[{"name":"wp","href":"https:\/\/api.w.org\/{rel}","templated":true}]}}